{"id":1234,"date":"2023-02-05T22:03:37","date_gmt":"2023-02-05T22:03:37","guid":{"rendered":"https:\/\/jciouluntervaporvarit.fi\/?p=1234"},"modified":"2023-02-05T22:22:32","modified_gmt":"2023-02-05T22:22:32","slug":"tervikset-ja-tervisten-perustajajasenet-get-together-tapahtuma-3-2-2023","status":"publish","type":"post","link":"https:\/\/jciouluntervaporvarit.fi\/index.php\/arkistot\/1234","title":{"rendered":"Tervikset ja tervisten perustajaj\u00e4senet Get together -tapahtuma 3.2.2023"},"content":{"rendered":"\n<p>Loppuviikosta vietettiin Get together -iltaa Oulun Tervaporvarien Nuorkauppakamarin perustajaj\u00e4senien kanssa. Ilta sis\u00e4lsi Nokian tehtaaseen tutustumista Mikko Nissin johdolla. Useamman perustajaj\u00e4senenkin historia nivoutuu Nokiaan, joten t\u00e4m\u00e4 oli luonnollinen paikka iltamalle. Sinne juontavat juurensa my\u00f6s Tervisten huomiota her\u00e4tt\u00e4v\u00e4t k\u00e4\u00e4dyt, joissa on piirilevyj\u00e4.<\/p>\n\n\n\n<p>Perustajaj\u00e4senet kertoivat kamarin tarinoita aivan alkuajoilta l\u00e4htien. Oli mahtavaa tutustua heihin paremmin ja oppia n\u00e4ilt\u00e4 rohkeilta edell\u00e4k\u00e4vij\u00f6ilt\u00e4. PRES Henna M\u00e4\u00e4tt\u00e4 puolestaan kokosi yhteen Tervisten toimintaa t\u00e4n\u00e4 p\u00e4iv\u00e4n\u00e4. Illan p\u00e4\u00e4tteksi perustajaj\u00e4senet pinssitettiin tervatynnyripinsseill\u00e4, joista j\u00e4senist\u00f6mme tunnistaa. Olemme kaikki valtavan kiitollisia hyvinvoivasta tervan tuoksuisesta kamaristamme.<\/p>\n\n\n\n<p>Erityiskiitos illan p\u00e4\u00e4t\u00e4hdille eli paikalla olleille perustajaj\u00e4senille Kaisu Laurila-Seluskalle, Paavo Vasalalle, Raimo Kuisminille ja Aimo Savukoskelle sek\u00e4 tietysti Mikolle hienon ja ajatuksia her\u00e4ttelev\u00e4n tapahtuman mahdollistamisesta!<\/p>\n\n\n\n<p><\/p>\n\n\n\n<figure class=\"wp-block-gallery has-nested-images columns-default is-cropped wp-block-gallery-1 is-layout-flex wp-block-gallery-is-layout-flex\">\n<figure class=\"wp-block-image size-large\"><img loading=\"lazy\" decoding=\"async\" width=\"1024\" height=\"768\" data-id=\"1249\" src=\"https:\/\/jciouluntervaporvarit.fi\/wordpress_f\/wp-content\/uploads\/2023\/02\/328259016_3471480143120209_7396755474275842406_n-3-1024x768.jpg\" alt=\"\" class=\"wp-image-1249\" srcset=\"https:\/\/jciouluntervaporvarit.fi\/wordpress_f\/wp-content\/uploads\/2023\/02\/328259016_3471480143120209_7396755474275842406_n-3-1024x768.jpg 1024w, https:\/\/jciouluntervaporvarit.fi\/wordpress_f\/wp-content\/uploads\/2023\/02\/328259016_3471480143120209_7396755474275842406_n-3-300x225.jpg 300w, https:\/\/jciouluntervaporvarit.fi\/wordpress_f\/wp-content\/uploads\/2023\/02\/328259016_3471480143120209_7396755474275842406_n-3-768x576.jpg 768w, https:\/\/jciouluntervaporvarit.fi\/wordpress_f\/wp-content\/uploads\/2023\/02\/328259016_3471480143120209_7396755474275842406_n-3.jpg 1440w\" sizes=\"auto, (max-width: 1024px) 100vw, 1024px\" \/><\/figure>\n<\/figure>\n\n\n\n<figure class=\"wp-block-image size-full\"><img loading=\"lazy\" decoding=\"async\" width=\"771\" height=\"581\" src=\"https:\/\/jciouluntervaporvarit.fi\/wordpress_f\/wp-content\/uploads\/2023\/02\/328679871_544820950957963_1748782029309232294_n.jpg\" alt=\"\" class=\"wp-image-1238\" srcset=\"https:\/\/jciouluntervaporvarit.fi\/wordpress_f\/wp-content\/uploads\/2023\/02\/328679871_544820950957963_1748782029309232294_n.jpg 771w, https:\/\/jciouluntervaporvarit.fi\/wordpress_f\/wp-content\/uploads\/2023\/02\/328679871_544820950957963_1748782029309232294_n-300x226.jpg 300w, https:\/\/jciouluntervaporvarit.fi\/wordpress_f\/wp-content\/uploads\/2023\/02\/328679871_544820950957963_1748782029309232294_n-768x579.jpg 768w\" sizes=\"auto, (max-width: 771px) 100vw, 771px\" \/><figcaption class=\"wp-element-caption\">Kuvassa Tervisten perustajaj\u00e4seni\u00e4 Kaisu Laurila-Seluska, Paavo Vasala, Raimo Kuismin ja Aimo Savukoski<\/figcaption><\/figure>\n\n\n\n<figure class=\"wp-block-image size-large\"><img loading=\"lazy\" decoding=\"async\" width=\"1024\" height=\"772\" src=\"https:\/\/jciouluntervaporvarit.fi\/wordpress_f\/wp-content\/uploads\/2023\/02\/328533452_1196399594348598_5616767111142975459_n-1024x772.jpg\" alt=\"\" class=\"wp-image-1239\" srcset=\"https:\/\/jciouluntervaporvarit.fi\/wordpress_f\/wp-content\/uploads\/2023\/02\/328533452_1196399594348598_5616767111142975459_n-1024x772.jpg 1024w, https:\/\/jciouluntervaporvarit.fi\/wordpress_f\/wp-content\/uploads\/2023\/02\/328533452_1196399594348598_5616767111142975459_n-300x226.jpg 300w, https:\/\/jciouluntervaporvarit.fi\/wordpress_f\/wp-content\/uploads\/2023\/02\/328533452_1196399594348598_5616767111142975459_n-768x579.jpg 768w, https:\/\/jciouluntervaporvarit.fi\/wordpress_f\/wp-content\/uploads\/2023\/02\/328533452_1196399594348598_5616767111142975459_n.jpg 1440w\" sizes=\"auto, (max-width: 1024px) 100vw, 1024px\" \/><\/figure>\n\n\n\n<figure class=\"wp-block-image size-large\"><img loading=\"lazy\" decoding=\"async\" width=\"1024\" height=\"772\" src=\"https:\/\/jciouluntervaporvarit.fi\/wordpress_f\/wp-content\/uploads\/2023\/02\/328623148_1577796099350417_1241071233425851056_n-1024x772.jpg\" alt=\"\" class=\"wp-image-1240\" srcset=\"https:\/\/jciouluntervaporvarit.fi\/wordpress_f\/wp-content\/uploads\/2023\/02\/328623148_1577796099350417_1241071233425851056_n-1024x772.jpg 1024w, https:\/\/jciouluntervaporvarit.fi\/wordpress_f\/wp-content\/uploads\/2023\/02\/328623148_1577796099350417_1241071233425851056_n-300x226.jpg 300w, https:\/\/jciouluntervaporvarit.fi\/wordpress_f\/wp-content\/uploads\/2023\/02\/328623148_1577796099350417_1241071233425851056_n-768x579.jpg 768w, https:\/\/jciouluntervaporvarit.fi\/wordpress_f\/wp-content\/uploads\/2023\/02\/328623148_1577796099350417_1241071233425851056_n.jpg 1440w\" sizes=\"auto, (max-width: 1024px) 100vw, 1024px\" \/><\/figure>\n\n\n\n<figure class=\"wp-block-image size-large\"><img loading=\"lazy\" decoding=\"async\" width=\"1024\" height=\"772\" src=\"https:\/\/jciouluntervaporvarit.fi\/wordpress_f\/wp-content\/uploads\/2023\/02\/328831954_1224920208124044_7894078959932975531_n-1024x772.jpg\" alt=\"\" class=\"wp-image-1241\" srcset=\"https:\/\/jciouluntervaporvarit.fi\/wordpress_f\/wp-content\/uploads\/2023\/02\/328831954_1224920208124044_7894078959932975531_n-1024x772.jpg 1024w, https:\/\/jciouluntervaporvarit.fi\/wordpress_f\/wp-content\/uploads\/2023\/02\/328831954_1224920208124044_7894078959932975531_n-300x226.jpg 300w, https:\/\/jciouluntervaporvarit.fi\/wordpress_f\/wp-content\/uploads\/2023\/02\/328831954_1224920208124044_7894078959932975531_n-768x579.jpg 768w, https:\/\/jciouluntervaporvarit.fi\/wordpress_f\/wp-content\/uploads\/2023\/02\/328831954_1224920208124044_7894078959932975531_n.jpg 1440w\" sizes=\"auto, (max-width: 1024px) 100vw, 1024px\" \/><\/figure>\n\n\n\n<figure class=\"wp-block-image size-full is-resized\"><img loading=\"lazy\" decoding=\"async\" src=\"https:\/\/jciouluntervaporvarit.fi\/wordpress_f\/wp-content\/uploads\/2023\/02\/329161070_1380407736062887_330421104527253754_n-1.jpg\" alt=\"\" class=\"wp-image-1242\" width=\"771\" height=\"581\" srcset=\"https:\/\/jciouluntervaporvarit.fi\/wordpress_f\/wp-content\/uploads\/2023\/02\/329161070_1380407736062887_330421104527253754_n-1.jpg 771w, https:\/\/jciouluntervaporvarit.fi\/wordpress_f\/wp-content\/uploads\/2023\/02\/329161070_1380407736062887_330421104527253754_n-1-300x226.jpg 300w, https:\/\/jciouluntervaporvarit.fi\/wordpress_f\/wp-content\/uploads\/2023\/02\/329161070_1380407736062887_330421104527253754_n-1-768x579.jpg 768w\" sizes=\"auto, (max-width: 771px) 100vw, 771px\" \/><\/figure>\n\n\n\n<figure class=\"wp-block-image size-full\"><img loading=\"lazy\" decoding=\"async\" width=\"771\" height=\"581\" src=\"https:\/\/jciouluntervaporvarit.fi\/wordpress_f\/wp-content\/uploads\/2023\/02\/328254691_3347176648870681_3573439791952113776_n.jpg\" alt=\"\" class=\"wp-image-1243\" srcset=\"https:\/\/jciouluntervaporvarit.fi\/wordpress_f\/wp-content\/uploads\/2023\/02\/328254691_3347176648870681_3573439791952113776_n.jpg 771w, https:\/\/jciouluntervaporvarit.fi\/wordpress_f\/wp-content\/uploads\/2023\/02\/328254691_3347176648870681_3573439791952113776_n-300x226.jpg 300w, https:\/\/jciouluntervaporvarit.fi\/wordpress_f\/wp-content\/uploads\/2023\/02\/328254691_3347176648870681_3573439791952113776_n-768x579.jpg 768w\" sizes=\"auto, (max-width: 771px) 100vw, 771px\" \/><\/figure>\n","protected":false},"excerpt":{"rendered":"<p>Loppuviikosta vietettiin Get together -iltaa Oulun Tervaporvarien Nuorkauppakamarin perustajaj\u00e4senien kanssa. Ilta sis\u00e4lsi Nokian tehtaaseen tutustumista Mikko Nissin johdolla. Useamman perustajaj\u00e4senenkin historia nivoutuu Nokiaan, joten t\u00e4m\u00e4 oli luonnollinen paikka iltamalle. Sinne juontavat juurensa my\u00f6s Tervisten huomiota her\u00e4tt\u00e4v\u00e4t k\u00e4\u00e4dyt, joissa on piirilevyj\u00e4. Perustajaj\u00e4senet kertoivat kamarin tarinoita aivan alkuajoilta l\u00e4htien. Oli mahtavaa tutustua heihin paremmin ja oppia n\u00e4ilt\u00e4 &hellip;<\/p>\n<p class=\"read-more\"> <a class=\"\" href=\"https:\/\/jciouluntervaporvarit.fi\/index.php\/arkistot\/1234\"> <span class=\"screen-reader-text\">Tervikset ja tervisten perustajaj\u00e4senet Get together -tapahtuma 3.2.2023<\/span> Lue lis\u00e4\u00e4 &raquo;<\/a><\/p>\n","protected":false},"author":1,"featured_media":1235,"comment_status":"closed","ping_status":"open","sticky":false,"template":"","format":"standard","meta":{"_uag_custom_page_level_css":"","site-sidebar-layout":"default","site-content-layout":"default","ast-global-header-display":"","ast-banner-title-visibility":"","ast-main-header-display":"","ast-hfb-above-header-display":"","ast-hfb-below-header-display":"","ast-hfb-mobile-header-display":"","site-post-title":"","ast-breadcrumbs-content":"","ast-featured-img":"disabled","footer-sml-layout":"","theme-transparent-header-meta":"","adv-header-id-meta":"","stick-header-meta":"","header-above-stick-meta":"","header-main-stick-meta":"","header-below-stick-meta":"","_jetpack_memberships_contains_paid_content":false,"footnotes":""},"categories":[4],"tags":[],"class_list":["post-1234","post","type-post","status-publish","format-standard","has-post-thumbnail","hentry","category-uutiset"],"yoast_head":"<!-- This site is optimized with the Yoast SEO plugin v26.3 - https:\/\/yoast.com\/wordpress\/plugins\/seo\/ -->\n<title>Tervikset ja tervisten perustajaj\u00e4senet Get together -tapahtuma 3.2.2023 - JCI Oulun Tervaporvarit<\/title>\n<meta name=\"robots\" content=\"index, follow, max-snippet:-1, max-image-preview:large, max-video-preview:-1\" \/>\n<link rel=\"canonical\" href=\"https:\/\/jciouluntervaporvarit.fi\/index.php\/arkistot\/1234\" \/>\n<meta property=\"og:locale\" content=\"fi_FI\" \/>\n<meta property=\"og:type\" content=\"article\" \/>\n<meta property=\"og:title\" content=\"Tervikset ja tervisten perustajaj\u00e4senet Get together -tapahtuma 3.2.2023 - JCI Oulun Tervaporvarit\" \/>\n<meta property=\"og:description\" content=\"Loppuviikosta vietettiin Get together -iltaa Oulun Tervaporvarien Nuorkauppakamarin perustajaj\u00e4senien kanssa. Ilta sis\u00e4lsi Nokian tehtaaseen tutustumista Mikko Nissin johdolla. Useamman perustajaj\u00e4senenkin historia nivoutuu Nokiaan, joten t\u00e4m\u00e4 oli luonnollinen paikka iltamalle. Sinne juontavat juurensa my\u00f6s Tervisten huomiota her\u00e4tt\u00e4v\u00e4t k\u00e4\u00e4dyt, joissa on piirilevyj\u00e4. Perustajaj\u00e4senet kertoivat kamarin tarinoita aivan alkuajoilta l\u00e4htien. Oli mahtavaa tutustua heihin paremmin ja oppia n\u00e4ilt\u00e4 &hellip; Tervikset ja tervisten perustajaj\u00e4senet Get together -tapahtuma 3.2.2023 Lue lis\u00e4\u00e4 &raquo;\" \/>\n<meta property=\"og:url\" content=\"https:\/\/jciouluntervaporvarit.fi\/index.php\/arkistot\/1234\" \/>\n<meta property=\"og:site_name\" content=\"JCI Oulun Tervaporvarit\" \/>\n<meta property=\"article:publisher\" content=\"https:\/\/www.facebook.com\/jciouluntervaporvarit\" \/>\n<meta property=\"article:published_time\" content=\"2023-02-05T22:03:37+00:00\" \/>\n<meta property=\"article:modified_time\" content=\"2023-02-05T22:22:32+00:00\" \/>\n<meta property=\"og:image\" content=\"https:\/\/jciouluntervaporvarit.fi\/wordpress_f\/wp-content\/uploads\/2023\/02\/328259016_3471480143120209_7396755474275842406_n.jpg\" \/>\n\t<meta property=\"og:image:width\" content=\"1440\" \/>\n\t<meta property=\"og:image:height\" content=\"1080\" \/>\n\t<meta property=\"og:image:type\" content=\"image\/jpeg\" \/>\n<meta name=\"author\" content=\"admin\" \/>\n<meta name=\"twitter:card\" content=\"summary_large_image\" \/>\n<meta name=\"twitter:label1\" content=\"Kirjoittanut\" \/>\n\t<meta name=\"twitter:data1\" content=\"admin\" \/>\n\t<meta name=\"twitter:label2\" content=\"Arvioitu lukuaika\" \/>\n\t<meta name=\"twitter:data2\" content=\"1 minuutti\" \/>\n<script type=\"application\/ld+json\" class=\"yoast-schema-graph\">{\"@context\":\"https:\/\/schema.org\",\"@graph\":[{\"@type\":\"Article\",\"@id\":\"https:\/\/jciouluntervaporvarit.fi\/index.php\/arkistot\/1234#article\",\"isPartOf\":{\"@id\":\"https:\/\/jciouluntervaporvarit.fi\/index.php\/arkistot\/1234\"},\"author\":{\"name\":\"admin\",\"@id\":\"https:\/\/jciouluntervaporvarit.fi\/#\/schema\/person\/240eae80e5391c634c247132ffe18de2\"},\"headline\":\"Tervikset ja tervisten perustajaj\u00e4senet Get together -tapahtuma 3.2.2023\",\"datePublished\":\"2023-02-05T22:03:37+00:00\",\"dateModified\":\"2023-02-05T22:22:32+00:00\",\"mainEntityOfPage\":{\"@id\":\"https:\/\/jciouluntervaporvarit.fi\/index.php\/arkistot\/1234\"},\"wordCount\":157,\"publisher\":{\"@id\":\"https:\/\/jciouluntervaporvarit.fi\/#organization\"},\"image\":{\"@id\":\"https:\/\/jciouluntervaporvarit.fi\/index.php\/arkistot\/1234#primaryimage\"},\"thumbnailUrl\":\"https:\/\/jciouluntervaporvarit.fi\/wordpress_f\/wp-content\/uploads\/2023\/02\/328259016_3471480143120209_7396755474275842406_n.jpg\",\"articleSection\":[\"Uutiset\"],\"inLanguage\":\"fi\"},{\"@type\":\"WebPage\",\"@id\":\"https:\/\/jciouluntervaporvarit.fi\/index.php\/arkistot\/1234\",\"url\":\"https:\/\/jciouluntervaporvarit.fi\/index.php\/arkistot\/1234\",\"name\":\"Tervikset ja tervisten perustajaj\u00e4senet Get together -tapahtuma 3.2.2023 - JCI Oulun Tervaporvarit\",\"isPartOf\":{\"@id\":\"https:\/\/jciouluntervaporvarit.fi\/#website\"},\"primaryImageOfPage\":{\"@id\":\"https:\/\/jciouluntervaporvarit.fi\/index.php\/arkistot\/1234#primaryimage\"},\"image\":{\"@id\":\"https:\/\/jciouluntervaporvarit.fi\/index.php\/arkistot\/1234#primaryimage\"},\"thumbnailUrl\":\"https:\/\/jciouluntervaporvarit.fi\/wordpress_f\/wp-content\/uploads\/2023\/02\/328259016_3471480143120209_7396755474275842406_n.jpg\",\"datePublished\":\"2023-02-05T22:03:37+00:00\",\"dateModified\":\"2023-02-05T22:22:32+00:00\",\"breadcrumb\":{\"@id\":\"https:\/\/jciouluntervaporvarit.fi\/index.php\/arkistot\/1234#breadcrumb\"},\"inLanguage\":\"fi\",\"potentialAction\":[{\"@type\":\"ReadAction\",\"target\":[\"https:\/\/jciouluntervaporvarit.fi\/index.php\/arkistot\/1234\"]}]},{\"@type\":\"ImageObject\",\"inLanguage\":\"fi\",\"@id\":\"https:\/\/jciouluntervaporvarit.fi\/index.php\/arkistot\/1234#primaryimage\",\"url\":\"https:\/\/jciouluntervaporvarit.fi\/wordpress_f\/wp-content\/uploads\/2023\/02\/328259016_3471480143120209_7396755474275842406_n.jpg\",\"contentUrl\":\"https:\/\/jciouluntervaporvarit.fi\/wordpress_f\/wp-content\/uploads\/2023\/02\/328259016_3471480143120209_7396755474275842406_n.jpg\",\"width\":1440,\"height\":1080},{\"@type\":\"BreadcrumbList\",\"@id\":\"https:\/\/jciouluntervaporvarit.fi\/index.php\/arkistot\/1234#breadcrumb\",\"itemListElement\":[{\"@type\":\"ListItem\",\"position\":1,\"name\":\"Etusivu\",\"item\":\"https:\/\/jciouluntervaporvarit.fi\/\"},{\"@type\":\"ListItem\",\"position\":2,\"name\":\"Tervikset ja tervisten perustajaj\u00e4senet Get together -tapahtuma 3.2.2023\"}]},{\"@type\":\"WebSite\",\"@id\":\"https:\/\/jciouluntervaporvarit.fi\/#website\",\"url\":\"https:\/\/jciouluntervaporvarit.fi\/\",\"name\":\"JCI Oulun Tervaporvarien Nuorkauppakamari\",\"description\":\"JCI Oulun Tervaporvarien Nuorkauppakamari on energinen ja innovatiivinen, aktiivisten alle 40-vuotiaiden nuorten aikuisten kehittymis- ja johtamiskouluttautumisj\u00e4rjest\u00f6. Kamarimme ydinteht\u00e4v\u00e4 on kehitt\u00e4\u00e4 j\u00e4senist\u00f6ns\u00e4 osaamista, verkostoitumista ja menestyst\u00e4 ty\u00f6el\u00e4m\u00e4ss\u00e4. J\u00e4seni\u00e4 kannustetaan osallistumaan koulutuksiin aktiivisesti ja kamari j\u00e4rjest\u00e4\u00e4 itse mielenkiintoista koulutusta j\u00e4senl\u00e4ht\u00f6isesti ja j\u00e4senist\u00f6n ty\u00f6el\u00e4m\u00e4osaamista hy\u00f6dynt\u00e4en.\",\"publisher\":{\"@id\":\"https:\/\/jciouluntervaporvarit.fi\/#organization\"},\"potentialAction\":[{\"@type\":\"SearchAction\",\"target\":{\"@type\":\"EntryPoint\",\"urlTemplate\":\"https:\/\/jciouluntervaporvarit.fi\/?s={search_term_string}\"},\"query-input\":{\"@type\":\"PropertyValueSpecification\",\"valueRequired\":true,\"valueName\":\"search_term_string\"}}],\"inLanguage\":\"fi\"},{\"@type\":\"Organization\",\"@id\":\"https:\/\/jciouluntervaporvarit.fi\/#organization\",\"name\":\"JCI Oulun Tervaporvarien Nuorkauppakamari\",\"url\":\"https:\/\/jciouluntervaporvarit.fi\/\",\"logo\":{\"@type\":\"ImageObject\",\"inLanguage\":\"fi\",\"@id\":\"https:\/\/jciouluntervaporvarit.fi\/#\/schema\/logo\/image\/\",\"url\":null,\"contentUrl\":null,\"width\":1024,\"height\":628,\"caption\":\"JCI Oulun Tervaporvarien Nuorkauppakamari\"},\"image\":{\"@id\":\"https:\/\/jciouluntervaporvarit.fi\/#\/schema\/logo\/image\/\"},\"sameAs\":[\"https:\/\/www.facebook.com\/jciouluntervaporvarit\"]},{\"@type\":\"Person\",\"@id\":\"https:\/\/jciouluntervaporvarit.fi\/#\/schema\/person\/240eae80e5391c634c247132ffe18de2\",\"name\":\"admin\",\"image\":{\"@type\":\"ImageObject\",\"inLanguage\":\"fi\",\"@id\":\"https:\/\/jciouluntervaporvarit.fi\/#\/schema\/person\/image\/\",\"url\":\"https:\/\/secure.gravatar.com\/avatar\/f1fe3afeaeba0cbed78fdc3331720934c3d3b23d9f9b2341ca339bbe87ef47e4?s=96&d=mm&r=g\",\"contentUrl\":\"https:\/\/secure.gravatar.com\/avatar\/f1fe3afeaeba0cbed78fdc3331720934c3d3b23d9f9b2341ca339bbe87ef47e4?s=96&d=mm&r=g\",\"caption\":\"admin\"},\"sameAs\":[\"https:\/\/jciouluntervaporvarit.fi\/wordpress_f\"],\"url\":\"https:\/\/jciouluntervaporvarit.fi\/index.php\/arkistot\/author\/admin_yoeocgf1\"}]}<\/script>\n<!-- \/ Yoast SEO plugin. -->","yoast_head_json":{"title":"Tervikset ja tervisten perustajaj\u00e4senet Get together -tapahtuma 3.2.2023 - JCI Oulun Tervaporvarit","robots":{"index":"index","follow":"follow","max-snippet":"max-snippet:-1","max-image-preview":"max-image-preview:large","max-video-preview":"max-video-preview:-1"},"canonical":"https:\/\/jciouluntervaporvarit.fi\/index.php\/arkistot\/1234","og_locale":"fi_FI","og_type":"article","og_title":"Tervikset ja tervisten perustajaj\u00e4senet Get together -tapahtuma 3.2.2023 - JCI Oulun Tervaporvarit","og_description":"Loppuviikosta vietettiin Get together -iltaa Oulun Tervaporvarien Nuorkauppakamarin perustajaj\u00e4senien kanssa. Ilta sis\u00e4lsi Nokian tehtaaseen tutustumista Mikko Nissin johdolla. Useamman perustajaj\u00e4senenkin historia nivoutuu Nokiaan, joten t\u00e4m\u00e4 oli luonnollinen paikka iltamalle. Sinne juontavat juurensa my\u00f6s Tervisten huomiota her\u00e4tt\u00e4v\u00e4t k\u00e4\u00e4dyt, joissa on piirilevyj\u00e4. Perustajaj\u00e4senet kertoivat kamarin tarinoita aivan alkuajoilta l\u00e4htien. Oli mahtavaa tutustua heihin paremmin ja oppia n\u00e4ilt\u00e4 &hellip; Tervikset ja tervisten perustajaj\u00e4senet Get together -tapahtuma 3.2.2023 Lue lis\u00e4\u00e4 &raquo;","og_url":"https:\/\/jciouluntervaporvarit.fi\/index.php\/arkistot\/1234","og_site_name":"JCI Oulun Tervaporvarit","article_publisher":"https:\/\/www.facebook.com\/jciouluntervaporvarit","article_published_time":"2023-02-05T22:03:37+00:00","article_modified_time":"2023-02-05T22:22:32+00:00","og_image":[{"width":1440,"height":1080,"url":"https:\/\/jciouluntervaporvarit.fi\/wordpress_f\/wp-content\/uploads\/2023\/02\/328259016_3471480143120209_7396755474275842406_n.jpg","type":"image\/jpeg"}],"author":"admin","twitter_card":"summary_large_image","twitter_misc":{"Kirjoittanut":"admin","Arvioitu lukuaika":"1 minuutti"},"schema":{"@context":"https:\/\/schema.org","@graph":[{"@type":"Article","@id":"https:\/\/jciouluntervaporvarit.fi\/index.php\/arkistot\/1234#article","isPartOf":{"@id":"https:\/\/jciouluntervaporvarit.fi\/index.php\/arkistot\/1234"},"author":{"name":"admin","@id":"https:\/\/jciouluntervaporvarit.fi\/#\/schema\/person\/240eae80e5391c634c247132ffe18de2"},"headline":"Tervikset ja tervisten perustajaj\u00e4senet Get together -tapahtuma 3.2.2023","datePublished":"2023-02-05T22:03:37+00:00","dateModified":"2023-02-05T22:22:32+00:00","mainEntityOfPage":{"@id":"https:\/\/jciouluntervaporvarit.fi\/index.php\/arkistot\/1234"},"wordCount":157,"publisher":{"@id":"https:\/\/jciouluntervaporvarit.fi\/#organization"},"image":{"@id":"https:\/\/jciouluntervaporvarit.fi\/index.php\/arkistot\/1234#primaryimage"},"thumbnailUrl":"https:\/\/jciouluntervaporvarit.fi\/wordpress_f\/wp-content\/uploads\/2023\/02\/328259016_3471480143120209_7396755474275842406_n.jpg","articleSection":["Uutiset"],"inLanguage":"fi"},{"@type":"WebPage","@id":"https:\/\/jciouluntervaporvarit.fi\/index.php\/arkistot\/1234","url":"https:\/\/jciouluntervaporvarit.fi\/index.php\/arkistot\/1234","name":"Tervikset ja tervisten perustajaj\u00e4senet Get together -tapahtuma 3.2.2023 - JCI Oulun Tervaporvarit","isPartOf":{"@id":"https:\/\/jciouluntervaporvarit.fi\/#website"},"primaryImageOfPage":{"@id":"https:\/\/jciouluntervaporvarit.fi\/index.php\/arkistot\/1234#primaryimage"},"image":{"@id":"https:\/\/jciouluntervaporvarit.fi\/index.php\/arkistot\/1234#primaryimage"},"thumbnailUrl":"https:\/\/jciouluntervaporvarit.fi\/wordpress_f\/wp-content\/uploads\/2023\/02\/328259016_3471480143120209_7396755474275842406_n.jpg","datePublished":"2023-02-05T22:03:37+00:00","dateModified":"2023-02-05T22:22:32+00:00","breadcrumb":{"@id":"https:\/\/jciouluntervaporvarit.fi\/index.php\/arkistot\/1234#breadcrumb"},"inLanguage":"fi","potentialAction":[{"@type":"ReadAction","target":["https:\/\/jciouluntervaporvarit.fi\/index.php\/arkistot\/1234"]}]},{"@type":"ImageObject","inLanguage":"fi","@id":"https:\/\/jciouluntervaporvarit.fi\/index.php\/arkistot\/1234#primaryimage","url":"https:\/\/jciouluntervaporvarit.fi\/wordpress_f\/wp-content\/uploads\/2023\/02\/328259016_3471480143120209_7396755474275842406_n.jpg","contentUrl":"https:\/\/jciouluntervaporvarit.fi\/wordpress_f\/wp-content\/uploads\/2023\/02\/328259016_3471480143120209_7396755474275842406_n.jpg","width":1440,"height":1080},{"@type":"BreadcrumbList","@id":"https:\/\/jciouluntervaporvarit.fi\/index.php\/arkistot\/1234#breadcrumb","itemListElement":[{"@type":"ListItem","position":1,"name":"Etusivu","item":"https:\/\/jciouluntervaporvarit.fi\/"},{"@type":"ListItem","position":2,"name":"Tervikset ja tervisten perustajaj\u00e4senet Get together -tapahtuma 3.2.2023"}]},{"@type":"WebSite","@id":"https:\/\/jciouluntervaporvarit.fi\/#website","url":"https:\/\/jciouluntervaporvarit.fi\/","name":"JCI Oulun Tervaporvarien Nuorkauppakamari","description":"JCI Oulun Tervaporvarien Nuorkauppakamari on energinen ja innovatiivinen, aktiivisten alle 40-vuotiaiden nuorten aikuisten kehittymis- ja johtamiskouluttautumisj\u00e4rjest\u00f6. Kamarimme ydinteht\u00e4v\u00e4 on kehitt\u00e4\u00e4 j\u00e4senist\u00f6ns\u00e4 osaamista, verkostoitumista ja menestyst\u00e4 ty\u00f6el\u00e4m\u00e4ss\u00e4. J\u00e4seni\u00e4 kannustetaan osallistumaan koulutuksiin aktiivisesti ja kamari j\u00e4rjest\u00e4\u00e4 itse mielenkiintoista koulutusta j\u00e4senl\u00e4ht\u00f6isesti ja j\u00e4senist\u00f6n ty\u00f6el\u00e4m\u00e4osaamista hy\u00f6dynt\u00e4en.","publisher":{"@id":"https:\/\/jciouluntervaporvarit.fi\/#organization"},"potentialAction":[{"@type":"SearchAction","target":{"@type":"EntryPoint","urlTemplate":"https:\/\/jciouluntervaporvarit.fi\/?s={search_term_string}"},"query-input":{"@type":"PropertyValueSpecification","valueRequired":true,"valueName":"search_term_string"}}],"inLanguage":"fi"},{"@type":"Organization","@id":"https:\/\/jciouluntervaporvarit.fi\/#organization","name":"JCI Oulun Tervaporvarien Nuorkauppakamari","url":"https:\/\/jciouluntervaporvarit.fi\/","logo":{"@type":"ImageObject","inLanguage":"fi","@id":"https:\/\/jciouluntervaporvarit.fi\/#\/schema\/logo\/image\/","url":null,"contentUrl":null,"width":1024,"height":628,"caption":"JCI Oulun Tervaporvarien Nuorkauppakamari"},"image":{"@id":"https:\/\/jciouluntervaporvarit.fi\/#\/schema\/logo\/image\/"},"sameAs":["https:\/\/www.facebook.com\/jciouluntervaporvarit"]},{"@type":"Person","@id":"https:\/\/jciouluntervaporvarit.fi\/#\/schema\/person\/240eae80e5391c634c247132ffe18de2","name":"admin","image":{"@type":"ImageObject","inLanguage":"fi","@id":"https:\/\/jciouluntervaporvarit.fi\/#\/schema\/person\/image\/","url":"https:\/\/secure.gravatar.com\/avatar\/f1fe3afeaeba0cbed78fdc3331720934c3d3b23d9f9b2341ca339bbe87ef47e4?s=96&d=mm&r=g","contentUrl":"https:\/\/secure.gravatar.com\/avatar\/f1fe3afeaeba0cbed78fdc3331720934c3d3b23d9f9b2341ca339bbe87ef47e4?s=96&d=mm&r=g","caption":"admin"},"sameAs":["https:\/\/jciouluntervaporvarit.fi\/wordpress_f"],"url":"https:\/\/jciouluntervaporvarit.fi\/index.php\/arkistot\/author\/admin_yoeocgf1"}]}},"jetpack_featured_media_url":"https:\/\/jciouluntervaporvarit.fi\/wordpress_f\/wp-content\/uploads\/2023\/02\/328259016_3471480143120209_7396755474275842406_n.jpg","uagb_featured_image_src":{"full":["https:\/\/jciouluntervaporvarit.fi\/wordpress_f\/wp-content\/uploads\/2023\/02\/328259016_3471480143120209_7396755474275842406_n.jpg",1440,1080,false],"thumbnail":["https:\/\/jciouluntervaporvarit.fi\/wordpress_f\/wp-content\/uploads\/2023\/02\/328259016_3471480143120209_7396755474275842406_n-150x150.jpg",150,150,true],"medium":["https:\/\/jciouluntervaporvarit.fi\/wordpress_f\/wp-content\/uploads\/2023\/02\/328259016_3471480143120209_7396755474275842406_n-300x225.jpg",300,225,true],"medium_large":["https:\/\/jciouluntervaporvarit.fi\/wordpress_f\/wp-content\/uploads\/2023\/02\/328259016_3471480143120209_7396755474275842406_n-768x576.jpg",768,576,true],"large":["https:\/\/jciouluntervaporvarit.fi\/wordpress_f\/wp-content\/uploads\/2023\/02\/328259016_3471480143120209_7396755474275842406_n-1024x768.jpg",1024,768,true],"1536x1536":["https:\/\/jciouluntervaporvarit.fi\/wordpress_f\/wp-content\/uploads\/2023\/02\/328259016_3471480143120209_7396755474275842406_n.jpg",1440,1080,false],"2048x2048":["https:\/\/jciouluntervaporvarit.fi\/wordpress_f\/wp-content\/uploads\/2023\/02\/328259016_3471480143120209_7396755474275842406_n.jpg",1440,1080,false]},"uagb_author_info":{"display_name":"admin","author_link":"https:\/\/jciouluntervaporvarit.fi\/index.php\/arkistot\/author\/admin_yoeocgf1"},"uagb_comment_info":0,"uagb_excerpt":"Loppuviikosta vietettiin Get together -iltaa Oulun Tervaporvarien Nuorkauppakamarin perustajaj\u00e4senien kanssa. Ilta sis\u00e4lsi Nokian tehtaaseen tutustumista Mikko Nissin johdolla. Useamman perustajaj\u00e4senenkin historia nivoutuu Nokiaan, joten t\u00e4m\u00e4 oli luonnollinen paikka iltamalle. Sinne juontavat juurensa my\u00f6s Tervisten huomiota her\u00e4tt\u00e4v\u00e4t k\u00e4\u00e4dyt, joissa on piirilevyj\u00e4. Perustajaj\u00e4senet kertoivat kamarin tarinoita aivan alkuajoilta l\u00e4htien. Oli mahtavaa tutustua heihin paremmin ja oppia n\u00e4ilt\u00e4&hellip;","jetpack_sharing_enabled":true,"_links":{"self":[{"href":"https:\/\/jciouluntervaporvarit.fi\/index.php\/wp-json\/wp\/v2\/posts\/1234","targetHints":{"allow":["GET"]}}],"collection":[{"href":"https:\/\/jciouluntervaporvarit.fi\/index.php\/wp-json\/wp\/v2\/posts"}],"about":[{"href":"https:\/\/jciouluntervaporvarit.fi\/index.php\/wp-json\/wp\/v2\/types\/post"}],"author":[{"embeddable":true,"href":"https:\/\/jciouluntervaporvarit.fi\/index.php\/wp-json\/wp\/v2\/users\/1"}],"replies":[{"embeddable":true,"href":"https:\/\/jciouluntervaporvarit.fi\/index.php\/wp-json\/wp\/v2\/comments?post=1234"}],"version-history":[{"count":5,"href":"https:\/\/jciouluntervaporvarit.fi\/index.php\/wp-json\/wp\/v2\/posts\/1234\/revisions"}],"predecessor-version":[{"id":1252,"href":"https:\/\/jciouluntervaporvarit.fi\/index.php\/wp-json\/wp\/v2\/posts\/1234\/revisions\/1252"}],"wp:featuredmedia":[{"embeddable":true,"href":"https:\/\/jciouluntervaporvarit.fi\/index.php\/wp-json\/wp\/v2\/media\/1235"}],"wp:attachment":[{"href":"https:\/\/jciouluntervaporvarit.fi\/index.php\/wp-json\/wp\/v2\/media?parent=1234"}],"wp:term":[{"taxonomy":"category","embeddable":true,"href":"https:\/\/jciouluntervaporvarit.fi\/index.php\/wp-json\/wp\/v2\/categories?post=1234"},{"taxonomy":"post_tag","embeddable":true,"href":"https:\/\/jciouluntervaporvarit.fi\/index.php\/wp-json\/wp\/v2\/tags?post=1234"}],"curies":[{"name":"wp","href":"https:\/\/api.w.org\/{rel}","templated":true}]}}